{"id":3663,"date":"2023-11-12T12:02:39","date_gmt":"2023-11-12T11:02:39","guid":{"rendered":"https:\/\/ceaircorsica.com\/?p=3663"},"modified":"2023-11-12T12:02:39","modified_gmt":"2023-11-12T11:02:39","slug":"ouverture-des-gp-reserves-sur-valence-et-cologne","status":"publish","type":"post","link":"https:\/\/ceaircorsica.com\/?p=3663","title":{"rendered":"Ouverture des GP r\u00e9serv\u00e9s sur Valence et Cologne"},"content":{"rendered":"\n<p>&nbsp;&nbsp;&nbsp;&nbsp;&nbsp;&nbsp;&nbsp; Chouette, la Direction commerciale ouvre les vols Valence et Cologne aux GP avec r\u00e9servation&nbsp;! &nbsp;<\/p>\n\n\n\n<p>Il s\u2019agit des vols&nbsp;:<\/p>\n\n\n\n<p>&#8211; <mark style=\"background-color:rgba(0, 0, 0, 0)\" class=\"has-inline-color has-vivid-cyan-blue-color\"><strong>Bastia \/Valence \/ Bastia<\/strong> <\/mark><mark style=\"background-color:rgba(0, 0, 0, 0)\" class=\"has-inline-color has-vivid-purple-color\">du 22 au 25 novembre <\/mark>&nbsp;<\/p>\n\n\n\n<p><mark style=\"background-color:rgba(0, 0, 0, 0)\" class=\"has-inline-color has-vivid-purple-color\">Tarif TTC AR\u00a0: 99,87 \u20ac<\/mark><\/p>\n\n\n\n<p>&#8211; <strong><mark style=\"background-color:rgba(0, 0, 0, 0)\" class=\"has-inline-color has-vivid-cyan-blue-color\">Bastia \/ Cologne \/ Bastia<\/mark><\/strong> <mark style=\"background-color:rgba(0, 0, 0, 0)\" class=\"has-inline-color has-vivid-purple-color\">du 02 au 06 d\u00e9cembre<\/mark><\/p>\n\n\n\n<p><mark style=\"background-color:rgba(0, 0, 0, 0)\" class=\"has-inline-color has-vivid-purple-color\">Tarif TTC AR\u00a0: 124,25 \u20ac<\/mark><\/p>\n\n\n\n<p>Si vous \u00eates int\u00e9ress\u00e9s par cette <mark style=\"background-color:rgba(0, 0, 0, 0)\" class=\"has-inline-color has-vivid-cyan-blue-color\">belle opportunit\u00e9<\/mark>, la proc\u00e9dure est la suivante, vous devez envoyer un mail \u00e0 <a href=\"mailto:miponzevera@aircorsica.com\">miponzevera@aircorsica.com<\/a> mentionnant&nbsp;:<\/p>\n\n\n\n<p>&#8211; la destination choisie,<\/p>\n\n\n\n<p>&#8211; les noms et pr\u00e9noms des passagers<\/p>\n\n\n\n<p>&#8211; l\u2019adresse \u00e9lectronique sur laquelle vous souhaitez payer et recevoir vos billets<\/p>\n\n\n\n<p>Un mail avec le lien de paiement vous sera communiqu\u00e9. D\u00e8s que le r\u00e8glement aura \u00e9t\u00e9 effectu\u00e9, vous recevrez vos billets&nbsp;!<\/p>\n\n\n<div class=\"wp-block-image\">\n<figure class=\"aligncenter size-full is-resized\"><img loading=\"lazy\" decoding=\"async\" width=\"299\" height=\"169\" src=\"https:\/\/ceaircorsica.com\/wp-content\/uploads\/2023\/11\/escapade-europeenne.jpg\" alt=\"\" class=\"wp-image-3664\" style=\"width:250px;height:auto\"\/><\/figure>\n<\/div>","protected":false},"excerpt":{"rendered":"<p>&nbsp;&nbsp;&nbsp;&nbsp;&nbsp;&nbsp;&nbsp; Chouette, la Direction commerciale ouvre les vols Valence et Cologne aux GP avec r\u00e9servation&nbsp;! &nbsp; Il s\u2019agit des vols&nbsp;: &#8211; Bastia \/Valence \/ Bastia du 22 au 25 novembre &nbsp; Tarif TTC AR\u00a0: 99,87 \u20ac &#8211; Bastia \/ Cologne \/ Bastia du 02 au 06 d\u00e9cembre Tarif TTC AR\u00a0: 124,25 \u20ac Si vous \u00eates &hellip; <\/p>\n<p class=\"link-more\"><a href=\"https:\/\/ceaircorsica.com\/?p=3663\" class=\"more-link\">Continuer la lecture<span class=\"screen-reader-text\"> de &laquo;&nbsp;Ouverture des GP r\u00e9serv\u00e9s sur Valence et Cologne&nbsp;&raquo;<\/span><\/a><\/p>\n","protected":false},"author":1,"featured_media":0,"comment_status":"open","ping_status":"open","sticky":false,"template":"","format":"standard","meta":{"footnotes":""},"categories":[13],"tags":[],"class_list":["post-3663","post","type-post","status-publish","format-standard","hentry","category-evenement-annuel"],"_links":{"self":[{"href":"https:\/\/ceaircorsica.com\/index.php?rest_route=\/wp\/v2\/posts\/3663","targetHints":{"allow":["GET"]}}],"collection":[{"href":"https:\/\/ceaircorsica.com\/index.php?rest_route=\/wp\/v2\/posts"}],"about":[{"href":"https:\/\/ceaircorsica.com\/index.php?rest_route=\/wp\/v2\/types\/post"}],"author":[{"embeddable":true,"href":"https:\/\/ceaircorsica.com\/index.php?rest_route=\/wp\/v2\/users\/1"}],"replies":[{"embeddable":true,"href":"https:\/\/ceaircorsica.com\/index.php?rest_route=%2Fwp%2Fv2%2Fcomments&post=3663"}],"version-history":[{"count":1,"href":"https:\/\/ceaircorsica.com\/index.php?rest_route=\/wp\/v2\/posts\/3663\/revisions"}],"predecessor-version":[{"id":3665,"href":"https:\/\/ceaircorsica.com\/index.php?rest_route=\/wp\/v2\/posts\/3663\/revisions\/3665"}],"wp:attachment":[{"href":"https:\/\/ceaircorsica.com\/index.php?rest_route=%2Fwp%2Fv2%2Fmedia&parent=3663"}],"wp:term":[{"taxonomy":"category","embeddable":true,"href":"https:\/\/ceaircorsica.com\/index.php?rest_route=%2Fwp%2Fv2%2Fcategories&post=3663"},{"taxonomy":"post_tag","embeddable":true,"href":"https:\/\/ceaircorsica.com\/index.php?rest_route=%2Fwp%2Fv2%2Ftags&post=3663"}],"curies":[{"name":"wp","href":"https:\/\/api.w.org\/{rel}","templated":true}]}}