{"id":3453,"date":"2023-03-21T15:38:54","date_gmt":"2023-03-21T14:38:54","guid":{"rendered":"https:\/\/ceaircorsica.com\/?p=3453"},"modified":"2023-03-21T15:38:54","modified_gmt":"2023-03-21T14:38:54","slug":"un-char-pour-le-carnaval-dajaccio","status":"publish","type":"post","link":"https:\/\/ceaircorsica.com\/?p=3453","title":{"rendered":"Un char pour le Carnaval d&#8217;Ajaccio"},"content":{"rendered":"\n<p><strong><mark style=\"background-color:rgba(0, 0, 0, 0)\" class=\"has-inline-color has-vivid-cyan-blue-color\">Embarquez \u00e0 bord du Char Air Corsica\u00a0! \u00a0\u00a0<\/mark><\/strong><\/p>\n\n\n\n<p><mark style=\"background-color:rgba(0, 0, 0, 0)\" class=\"has-inline-color has-vivid-red-color\"><strong>Apr\u00e8s une longue interruption, le Carnaval d\u2019Ajaccio revient le samedi 15 avril prochain. Le th\u00e8me de cette nouvelle \u00e9dition est celui de l\u2019identit\u00e9 ajaccienne.<\/strong><\/mark><\/p>\n\n\n\n<p><strong><mark style=\"background-color:rgba(0, 0, 0, 0)\" class=\"has-inline-color has-vivid-green-cyan-color\">Le CSE en partenariat avec la Compagnie, a le plaisir de s\u2019associer \u00e0 cette manifestation d\u2019envergure et de participer au corso avec un magnifique char que vous pourrez d\u00e9couvrir le jour J\u00a0!<\/mark><\/strong><\/p>\n\n\n\n<p><strong><mark style=\"background-color:rgba(0, 0, 0, 0)\" class=\"has-inline-color has-luminous-vivid-orange-color\">Les 12 chars \u00a0qui composent le Corso partiront \u00e0 15 heures tapantes \u00a0de la place Abattucci\u00a0jusqu\u2019\u00e0 la place Foch. Plus de 400 artistes participeront \u00e0 la parade qui sera suivie d\u2019un ap\u00e9ritif costum\u00e9 anim\u00e9 par un DJ<\/mark><\/strong><\/p>\n\n\n\n<p><strong><mark style=\"background-color:rgba(0, 0, 0, 0)\" class=\"has-inline-color has-pale-pink-color\">Merci de bien vouloir vous inscrire par retour de mail si vous souhaitez monter \u00e0 bord de notre char, en pr\u00e9cisant le nombre de participants- adulte(s) et d\u2019enfant(s) &#8211; afin de nous permettre de planifier au mieux l\u2019organisation. Attention\u00a0: tous les participants, petits et grands, devront \u00eatre d\u00e9guis\u00e9s pour obtenir un acc\u00e8s privatis\u00e9 aux coulisses d\u00e8s 14 heures 30 et monter sur le char !<\/mark><\/strong><\/p>\n\n\n\n<p><strong><mark style=\"background-color:rgba(0, 0, 0, 0)\" class=\"has-inline-color has-vivid-cyan-blue-color\">Nous vous communiquerons prochainement davantage de modalit\u00e9s pratiques.<\/mark><\/strong><\/p>\n\n\n\n<p><\/p>\n\n\n\n<figure class=\"wp-block-image size-full\"><img loading=\"lazy\" decoding=\"async\" width=\"699\" height=\"989\" src=\"https:\/\/ceaircorsica.com\/wp-content\/uploads\/2023\/03\/71339940-49714923.jpg\" alt=\"\" class=\"wp-image-3455\" srcset=\"https:\/\/ceaircorsica.com\/wp-content\/uploads\/2023\/03\/71339940-49714923.jpg 699w, https:\/\/ceaircorsica.com\/wp-content\/uploads\/2023\/03\/71339940-49714923-212x300.jpg 212w\" sizes=\"auto, (max-width: 699px) 100vw, 699px\" \/><\/figure>\n","protected":false},"excerpt":{"rendered":"<p>Embarquez \u00e0 bord du Char Air Corsica\u00a0! \u00a0\u00a0 Apr\u00e8s une longue interruption, le Carnaval d\u2019Ajaccio revient le samedi 15 avril prochain. Le th\u00e8me de cette nouvelle \u00e9dition est celui de l\u2019identit\u00e9 ajaccienne. Le CSE en partenariat avec la Compagnie, a le plaisir de s\u2019associer \u00e0 cette manifestation d\u2019envergure et de participer au corso avec un &hellip; <\/p>\n<p class=\"link-more\"><a href=\"https:\/\/ceaircorsica.com\/?p=3453\" class=\"more-link\">Continuer la lecture<span class=\"screen-reader-text\"> de &laquo;&nbsp;Un char pour le Carnaval d&#8217;Ajaccio&nbsp;&raquo;<\/span><\/a><\/p>\n","protected":false},"author":1,"featured_media":0,"comment_status":"open","ping_status":"open","sticky":false,"template":"","format":"standard","meta":{"footnotes":""},"categories":[13],"tags":[],"class_list":["post-3453","post","type-post","status-publish","format-standard","hentry","category-evenement-annuel"],"_links":{"self":[{"href":"https:\/\/ceaircorsica.com\/index.php?rest_route=\/wp\/v2\/posts\/3453","targetHints":{"allow":["GET"]}}],"collection":[{"href":"https:\/\/ceaircorsica.com\/index.php?rest_route=\/wp\/v2\/posts"}],"about":[{"href":"https:\/\/ceaircorsica.com\/index.php?rest_route=\/wp\/v2\/types\/post"}],"author":[{"embeddable":true,"href":"https:\/\/ceaircorsica.com\/index.php?rest_route=\/wp\/v2\/users\/1"}],"replies":[{"embeddable":true,"href":"https:\/\/ceaircorsica.com\/index.php?rest_route=%2Fwp%2Fv2%2Fcomments&post=3453"}],"version-history":[{"count":1,"href":"https:\/\/ceaircorsica.com\/index.php?rest_route=\/wp\/v2\/posts\/3453\/revisions"}],"predecessor-version":[{"id":3456,"href":"https:\/\/ceaircorsica.com\/index.php?rest_route=\/wp\/v2\/posts\/3453\/revisions\/3456"}],"wp:attachment":[{"href":"https:\/\/ceaircorsica.com\/index.php?rest_route=%2Fwp%2Fv2%2Fmedia&parent=3453"}],"wp:term":[{"taxonomy":"category","embeddable":true,"href":"https:\/\/ceaircorsica.com\/index.php?rest_route=%2Fwp%2Fv2%2Fcategories&post=3453"},{"taxonomy":"post_tag","embeddable":true,"href":"https:\/\/ceaircorsica.com\/index.php?rest_route=%2Fwp%2Fv2%2Ftags&post=3453"}],"curies":[{"name":"wp","href":"https:\/\/api.w.org\/{rel}","templated":true}]}}